{"id":82,"date":"2025-03-13T13:51:33","date_gmt":"2025-03-13T13:51:33","guid":{"rendered":"https:\/\/www.ose.fi\/?p=82"},"modified":"2025-03-13T13:51:33","modified_gmt":"2025-03-13T13:51:33","slug":"kaiken-voi-tehda-reilummin","status":"publish","type":"post","link":"https:\/\/www.ose.fi\/index.php\/2025\/03\/13\/kaiken-voi-tehda-reilummin\/","title":{"rendered":"Kaiken voi tehd\u00e4 reilummin"},"content":{"rendered":"\n<p>Kun halutaan yhteiskunta joka on reilumpi kaikille, tarvitaan muutos nykyiseen. <\/p>\n\n\n\n<p>Reiluus on oikeudenmukaisuutta ja sit\u00e4, ett\u00e4 poliittisilla p\u00e4\u00e4t\u00f6ksill\u00e4 kenenk\u00e4\u00e4n taakka ei kasva kohtuuttomaksi.<br>Mielest\u00e4ni reilua on vastuun jakaminen tasapainoisesti niin, ett\u00e4 hyvinvointivaltion perusta s\u00e4ilyy vahvana.<br>Haluan Suomen ja kunnan, jossa ihmiset p\u00e4\u00e4sev\u00e4t jonoista hoitoon nopeasti. <\/p>\n\n\n\n<p>Haluan, ett\u00e4 l\u00e4\u00e4k\u00e4rilt\u00e4 toiselle pompottelun sijasta jokaisella ihmisell\u00e4 on oma tuttu l\u00e4\u00e4k\u00e4ri ja hoitaja. <br>Haluan ett\u00e4 kahden viikon hoitotakuun toteutuu koko Suomessa ja siirrymme aidosti toimivaan omal\u00e4\u00e4k\u00e4ri-omahoitaja -malliin.<\/p>\n\n\n\n<p>Minulle on t\u00e4rke\u00e4\u00e4, ett\u00e4 lasten ja nuorten oppimistulokset saadaan k\u00e4\u00e4ntym\u00e4\u00e4n nousuun. Haluan, ett\u00e4 koulut ovat turvallisia ja hyvi\u00e4 ymp\u00e4rist\u00f6j\u00e4 lapsille ja nuorille oppia sek\u00e4 opettajille opettaa. Tavoitteena pit\u00e4isi olla luokkien ryhm\u00e4kokojen pienent\u00e4minen, jotta opettajilla j\u00e4\u00e4 enemm\u00e4n aikaa oppilaille.<\/p>\n\n\n\n<p>Haluan my\u00f6s ett\u00e4 ik\u00e4hmisist\u00e4mme pidet\u00e4\u00e4n hyv\u00e4\u00e4 huolta erityisesti heid\u00e4n viimeisten vuosiensa aikana. Ihmisarvoinen el\u00e4m\u00e4 ik\u00e4ihmisille tulee turvata ja heid\u00e4n terveyspalvelunsa varmistaa.<\/p>\n\n\n\n<p>Politiikassa on aina kyse arvovalinnoista. Erityisen t\u00e4rkeit\u00e4 n\u00e4m\u00e4 valinnat ovat silloin, kun kuntien talous on ahdingossa eik\u00e4 kaikkeen ole varaa. Oikeistohallitus vie Suomea v\u00e4\u00e4r\u00e4\u00e4n suuntaan. Siksi kunnissa ja hyvinvointialueilla on teht\u00e4v\u00e4 p\u00e4\u00e4t\u00f6ksi\u00e4, joilla parannetaan jokaisen suomalaisen arkea.<\/p>\n\n\n\n<p>Kaiken voi tehd\u00e4 reilummin ja se mik\u00e4 on reilua, on my\u00f6s j\u00e4rkev\u00e4\u00e4.<\/p>\n\n\n\n<p>Juuri siksi olen l\u00e4htenyt ehdolle niin kunta- kuin aluevaaleissakin.<br><br>Osmo Suominen<br>Palvelup\u00e4\u00e4llikk\u00f6, IAT, eMBA<br>R\u00f6ykk\u00e4, Nurmij\u00e4rvi<\/p>\n\n\n\n<p><\/p>\n\n\n\n<p><\/p>\n","protected":false},"excerpt":{"rendered":"<p>Kun halutaan yhteiskunta joka on reilumpi kaikille, tarvitaan muutos nykyiseen. Reiluus on oikeudenmukaisuutta ja sit\u00e4, ett\u00e4 poliittisilla p\u00e4\u00e4t\u00f6ksill\u00e4 kenenk\u00e4\u00e4n taakka ei kasva kohtuuttomaksi.Mielest\u00e4ni reilua on vastuun jakaminen tasapainoisesti niin, ett\u00e4 hyvinvointivaltion perusta s\u00e4ilyy vahvana.Haluan Suomen ja kunnan, jossa ihmiset p\u00e4\u00e4sev\u00e4t &hellip; <a href=\"https:\/\/www.ose.fi\/index.php\/2025\/03\/13\/kaiken-voi-tehda-reilummin\/\">Lue loppuun <span class=\"meta-nav\">&rarr;<\/span><\/a><\/p>\n","protected":false},"author":1,"featured_media":0,"comment_status":"open","ping_status":"open","sticky":false,"template":"","format":"standard","meta":{"footnotes":""},"categories":[4],"tags":[],"class_list":["post-82","post","type-post","status-publish","format-standard","hentry","category-kuntapolitikkaa-nurmijarvi"],"yoast_head":"<!-- This site is optimized with the Yoast SEO plugin v27.5 - https:\/\/yoast.com\/product\/yoast-seo-wordpress\/ -->\n<title>Kaiken voi tehd\u00e4 reilummin - Osmo Suominen<\/title>\n<meta name=\"robots\" content=\"index, follow, max-snippet:-1, max-image-preview:large, max-video-preview:-1\" \/>\n<link rel=\"canonical\" href=\"https:\/\/www.ose.fi\/index.php\/2025\/03\/13\/kaiken-voi-tehda-reilummin\/\" \/>\n<meta property=\"og:locale\" content=\"fi_FI\" \/>\n<meta property=\"og:type\" content=\"article\" \/>\n<meta property=\"og:title\" content=\"Kaiken voi tehd\u00e4 reilummin - Osmo Suominen\" \/>\n<meta property=\"og:description\" content=\"Kun halutaan yhteiskunta joka on reilumpi kaikille, tarvitaan muutos nykyiseen. Reiluus on oikeudenmukaisuutta ja sit\u00e4, ett\u00e4 poliittisilla p\u00e4\u00e4t\u00f6ksill\u00e4 kenenk\u00e4\u00e4n taakka ei kasva kohtuuttomaksi.Mielest\u00e4ni reilua on vastuun jakaminen tasapainoisesti niin, ett\u00e4 hyvinvointivaltion perusta s\u00e4ilyy vahvana.Haluan Suomen ja kunnan, jossa ihmiset p\u00e4\u00e4sev\u00e4t &hellip; Lue loppuun &rarr;\" \/>\n<meta property=\"og:url\" content=\"https:\/\/www.ose.fi\/index.php\/2025\/03\/13\/kaiken-voi-tehda-reilummin\/\" \/>\n<meta property=\"og:site_name\" content=\"Osmo Suominen\" \/>\n<meta property=\"article:published_time\" content=\"2025-03-13T13:51:33+00:00\" \/>\n<meta name=\"author\" content=\"admin\" \/>\n<meta name=\"twitter:card\" content=\"summary_large_image\" \/>\n<meta name=\"twitter:label1\" content=\"Kirjoittanut\" \/>\n\t<meta name=\"twitter:data1\" content=\"admin\" \/>\n\t<meta name=\"twitter:label2\" content=\"Arvioitu lukuaika\" \/>\n\t<meta name=\"twitter:data2\" content=\"2 minuuttia\" \/>\n<script type=\"application\/ld+json\" class=\"yoast-schema-graph\">{\"@context\":\"https:\\\/\\\/schema.org\",\"@graph\":[{\"@type\":\"Article\",\"@id\":\"https:\\\/\\\/www.ose.fi\\\/index.php\\\/2025\\\/03\\\/13\\\/kaiken-voi-tehda-reilummin\\\/#article\",\"isPartOf\":{\"@id\":\"https:\\\/\\\/www.ose.fi\\\/index.php\\\/2025\\\/03\\\/13\\\/kaiken-voi-tehda-reilummin\\\/\"},\"author\":{\"name\":\"admin\",\"@id\":\"https:\\\/\\\/www.ose.fi\\\/#\\\/schema\\\/person\\\/fbc3509bf8a06ceb8b975e6d485cb09b\"},\"headline\":\"Kaiken voi tehd\u00e4 reilummin\",\"datePublished\":\"2025-03-13T13:51:33+00:00\",\"mainEntityOfPage\":{\"@id\":\"https:\\\/\\\/www.ose.fi\\\/index.php\\\/2025\\\/03\\\/13\\\/kaiken-voi-tehda-reilummin\\\/\"},\"wordCount\":242,\"commentCount\":0,\"articleSection\":[\"Kuntapolitiikka Nurmij\u00e4rvi\"],\"inLanguage\":\"fi\",\"potentialAction\":[{\"@type\":\"CommentAction\",\"name\":\"Comment\",\"target\":[\"https:\\\/\\\/www.ose.fi\\\/index.php\\\/2025\\\/03\\\/13\\\/kaiken-voi-tehda-reilummin\\\/#respond\"]}]},{\"@type\":\"WebPage\",\"@id\":\"https:\\\/\\\/www.ose.fi\\\/index.php\\\/2025\\\/03\\\/13\\\/kaiken-voi-tehda-reilummin\\\/\",\"url\":\"https:\\\/\\\/www.ose.fi\\\/index.php\\\/2025\\\/03\\\/13\\\/kaiken-voi-tehda-reilummin\\\/\",\"name\":\"Kaiken voi tehd\u00e4 reilummin - Osmo Suominen\",\"isPartOf\":{\"@id\":\"https:\\\/\\\/www.ose.fi\\\/#website\"},\"datePublished\":\"2025-03-13T13:51:33+00:00\",\"author\":{\"@id\":\"https:\\\/\\\/www.ose.fi\\\/#\\\/schema\\\/person\\\/fbc3509bf8a06ceb8b975e6d485cb09b\"},\"breadcrumb\":{\"@id\":\"https:\\\/\\\/www.ose.fi\\\/index.php\\\/2025\\\/03\\\/13\\\/kaiken-voi-tehda-reilummin\\\/#breadcrumb\"},\"inLanguage\":\"fi\",\"potentialAction\":[{\"@type\":\"ReadAction\",\"target\":[\"https:\\\/\\\/www.ose.fi\\\/index.php\\\/2025\\\/03\\\/13\\\/kaiken-voi-tehda-reilummin\\\/\"]}]},{\"@type\":\"BreadcrumbList\",\"@id\":\"https:\\\/\\\/www.ose.fi\\\/index.php\\\/2025\\\/03\\\/13\\\/kaiken-voi-tehda-reilummin\\\/#breadcrumb\",\"itemListElement\":[{\"@type\":\"ListItem\",\"position\":1,\"name\":\"Etusivu\",\"item\":\"https:\\\/\\\/www.ose.fi\\\/\"},{\"@type\":\"ListItem\",\"position\":2,\"name\":\"Kaiken voi tehd\u00e4 reilummin\"}]},{\"@type\":\"WebSite\",\"@id\":\"https:\\\/\\\/www.ose.fi\\\/#website\",\"url\":\"https:\\\/\\\/www.ose.fi\\\/\",\"name\":\"Osmo Suominen\",\"description\":\"R&ouml;yk&auml;n kyl&auml;lt&auml; - kohti tulevaisuutta\",\"potentialAction\":[{\"@type\":\"SearchAction\",\"target\":{\"@type\":\"EntryPoint\",\"urlTemplate\":\"https:\\\/\\\/www.ose.fi\\\/?s={search_term_string}\"},\"query-input\":{\"@type\":\"PropertyValueSpecification\",\"valueRequired\":true,\"valueName\":\"search_term_string\"}}],\"inLanguage\":\"fi\"},{\"@type\":\"Person\",\"@id\":\"https:\\\/\\\/www.ose.fi\\\/#\\\/schema\\\/person\\\/fbc3509bf8a06ceb8b975e6d485cb09b\",\"name\":\"admin\",\"image\":{\"@type\":\"ImageObject\",\"inLanguage\":\"fi\",\"@id\":\"https:\\\/\\\/secure.gravatar.com\\\/avatar\\\/5cefc4aa1785401cda4c6154dd5ed3725aab682b16d597bcdba782b6bd6aaf64?s=96&d=mm&r=g\",\"url\":\"https:\\\/\\\/secure.gravatar.com\\\/avatar\\\/5cefc4aa1785401cda4c6154dd5ed3725aab682b16d597bcdba782b6bd6aaf64?s=96&d=mm&r=g\",\"contentUrl\":\"https:\\\/\\\/secure.gravatar.com\\\/avatar\\\/5cefc4aa1785401cda4c6154dd5ed3725aab682b16d597bcdba782b6bd6aaf64?s=96&d=mm&r=g\",\"caption\":\"admin\"},\"sameAs\":[\"http:\\\/\\\/www.ose.fi\"],\"url\":\"https:\\\/\\\/www.ose.fi\\\/index.php\\\/author\\\/admin\\\/\"}]}<\/script>\n<!-- \/ Yoast SEO plugin. -->","yoast_head_json":{"title":"Kaiken voi tehd\u00e4 reilummin - Osmo Suominen","robots":{"index":"index","follow":"follow","max-snippet":"max-snippet:-1","max-image-preview":"max-image-preview:large","max-video-preview":"max-video-preview:-1"},"canonical":"https:\/\/www.ose.fi\/index.php\/2025\/03\/13\/kaiken-voi-tehda-reilummin\/","og_locale":"fi_FI","og_type":"article","og_title":"Kaiken voi tehd\u00e4 reilummin - Osmo Suominen","og_description":"Kun halutaan yhteiskunta joka on reilumpi kaikille, tarvitaan muutos nykyiseen. Reiluus on oikeudenmukaisuutta ja sit\u00e4, ett\u00e4 poliittisilla p\u00e4\u00e4t\u00f6ksill\u00e4 kenenk\u00e4\u00e4n taakka ei kasva kohtuuttomaksi.Mielest\u00e4ni reilua on vastuun jakaminen tasapainoisesti niin, ett\u00e4 hyvinvointivaltion perusta s\u00e4ilyy vahvana.Haluan Suomen ja kunnan, jossa ihmiset p\u00e4\u00e4sev\u00e4t &hellip; Lue loppuun &rarr;","og_url":"https:\/\/www.ose.fi\/index.php\/2025\/03\/13\/kaiken-voi-tehda-reilummin\/","og_site_name":"Osmo Suominen","article_published_time":"2025-03-13T13:51:33+00:00","author":"admin","twitter_card":"summary_large_image","twitter_misc":{"Kirjoittanut":"admin","Arvioitu lukuaika":"2 minuuttia"},"schema":{"@context":"https:\/\/schema.org","@graph":[{"@type":"Article","@id":"https:\/\/www.ose.fi\/index.php\/2025\/03\/13\/kaiken-voi-tehda-reilummin\/#article","isPartOf":{"@id":"https:\/\/www.ose.fi\/index.php\/2025\/03\/13\/kaiken-voi-tehda-reilummin\/"},"author":{"name":"admin","@id":"https:\/\/www.ose.fi\/#\/schema\/person\/fbc3509bf8a06ceb8b975e6d485cb09b"},"headline":"Kaiken voi tehd\u00e4 reilummin","datePublished":"2025-03-13T13:51:33+00:00","mainEntityOfPage":{"@id":"https:\/\/www.ose.fi\/index.php\/2025\/03\/13\/kaiken-voi-tehda-reilummin\/"},"wordCount":242,"commentCount":0,"articleSection":["Kuntapolitiikka Nurmij\u00e4rvi"],"inLanguage":"fi","potentialAction":[{"@type":"CommentAction","name":"Comment","target":["https:\/\/www.ose.fi\/index.php\/2025\/03\/13\/kaiken-voi-tehda-reilummin\/#respond"]}]},{"@type":"WebPage","@id":"https:\/\/www.ose.fi\/index.php\/2025\/03\/13\/kaiken-voi-tehda-reilummin\/","url":"https:\/\/www.ose.fi\/index.php\/2025\/03\/13\/kaiken-voi-tehda-reilummin\/","name":"Kaiken voi tehd\u00e4 reilummin - Osmo Suominen","isPartOf":{"@id":"https:\/\/www.ose.fi\/#website"},"datePublished":"2025-03-13T13:51:33+00:00","author":{"@id":"https:\/\/www.ose.fi\/#\/schema\/person\/fbc3509bf8a06ceb8b975e6d485cb09b"},"breadcrumb":{"@id":"https:\/\/www.ose.fi\/index.php\/2025\/03\/13\/kaiken-voi-tehda-reilummin\/#breadcrumb"},"inLanguage":"fi","potentialAction":[{"@type":"ReadAction","target":["https:\/\/www.ose.fi\/index.php\/2025\/03\/13\/kaiken-voi-tehda-reilummin\/"]}]},{"@type":"BreadcrumbList","@id":"https:\/\/www.ose.fi\/index.php\/2025\/03\/13\/kaiken-voi-tehda-reilummin\/#breadcrumb","itemListElement":[{"@type":"ListItem","position":1,"name":"Etusivu","item":"https:\/\/www.ose.fi\/"},{"@type":"ListItem","position":2,"name":"Kaiken voi tehd\u00e4 reilummin"}]},{"@type":"WebSite","@id":"https:\/\/www.ose.fi\/#website","url":"https:\/\/www.ose.fi\/","name":"Osmo Suominen","description":"R&ouml;yk&auml;n kyl&auml;lt&auml; - kohti tulevaisuutta","potentialAction":[{"@type":"SearchAction","target":{"@type":"EntryPoint","urlTemplate":"https:\/\/www.ose.fi\/?s={search_term_string}"},"query-input":{"@type":"PropertyValueSpecification","valueRequired":true,"valueName":"search_term_string"}}],"inLanguage":"fi"},{"@type":"Person","@id":"https:\/\/www.ose.fi\/#\/schema\/person\/fbc3509bf8a06ceb8b975e6d485cb09b","name":"admin","image":{"@type":"ImageObject","inLanguage":"fi","@id":"https:\/\/secure.gravatar.com\/avatar\/5cefc4aa1785401cda4c6154dd5ed3725aab682b16d597bcdba782b6bd6aaf64?s=96&d=mm&r=g","url":"https:\/\/secure.gravatar.com\/avatar\/5cefc4aa1785401cda4c6154dd5ed3725aab682b16d597bcdba782b6bd6aaf64?s=96&d=mm&r=g","contentUrl":"https:\/\/secure.gravatar.com\/avatar\/5cefc4aa1785401cda4c6154dd5ed3725aab682b16d597bcdba782b6bd6aaf64?s=96&d=mm&r=g","caption":"admin"},"sameAs":["http:\/\/www.ose.fi"],"url":"https:\/\/www.ose.fi\/index.php\/author\/admin\/"}]}},"_links":{"self":[{"href":"https:\/\/www.ose.fi\/index.php\/wp-json\/wp\/v2\/posts\/82","targetHints":{"allow":["GET"]}}],"collection":[{"href":"https:\/\/www.ose.fi\/index.php\/wp-json\/wp\/v2\/posts"}],"about":[{"href":"https:\/\/www.ose.fi\/index.php\/wp-json\/wp\/v2\/types\/post"}],"author":[{"embeddable":true,"href":"https:\/\/www.ose.fi\/index.php\/wp-json\/wp\/v2\/users\/1"}],"replies":[{"embeddable":true,"href":"https:\/\/www.ose.fi\/index.php\/wp-json\/wp\/v2\/comments?post=82"}],"version-history":[{"count":1,"href":"https:\/\/www.ose.fi\/index.php\/wp-json\/wp\/v2\/posts\/82\/revisions"}],"predecessor-version":[{"id":83,"href":"https:\/\/www.ose.fi\/index.php\/wp-json\/wp\/v2\/posts\/82\/revisions\/83"}],"wp:attachment":[{"href":"https:\/\/www.ose.fi\/index.php\/wp-json\/wp\/v2\/media?parent=82"}],"wp:term":[{"taxonomy":"category","embeddable":true,"href":"https:\/\/www.ose.fi\/index.php\/wp-json\/wp\/v2\/categories?post=82"},{"taxonomy":"post_tag","embeddable":true,"href":"https:\/\/www.ose.fi\/index.php\/wp-json\/wp\/v2\/tags?post=82"}],"curies":[{"name":"wp","href":"https:\/\/api.w.org\/{rel}","templated":true}]}}